{"id":3788,"date":"2024-12-20T12:13:53","date_gmt":"2024-12-20T12:13:53","guid":{"rendered":"http:\/\/desertwatch.org\/el-jable-un-ecosistema-desconocido\/"},"modified":"2025-04-28T11:35:07","modified_gmt":"2025-04-28T11:35:07","slug":"el-jable-un-ecosistema-desconocido","status":"publish","type":"post","link":"https:\/\/desertwatch.org\/es\/el-jable-un-ecosistema-desconocido\/","title":{"rendered":"EL JABLE UN ECOSISTEMA (DES)CONOCIDO"},"content":{"rendered":"<p>[et_pb_section fb_built=\u00bb1&#8243; _builder_version=\u00bb4.27.3&#8243; _module_preset=\u00bbdefault\u00bb background_color=\u00bb#40b4c1&#8243; background_image=\u00bbhttps:\/\/desertwatch.org\/wp-content\/uploads\/2024\/09\/charla-sept-web-bkgrd2.jpg\u00bb background_position=\u00bbtop_center\u00bb global_colors_info=\u00bb{}\u00bb][et_pb_row admin_label=\u00bbBLOCK 1 Row\u00bb _builder_version=\u00bb4.27.0&#8243; _module_preset=\u00bbdefault\u00bb global_colors_info=\u00bb{}\u00bb][et_pb_column type=\u00bb4_4&#8243; _builder_version=\u00bb4.27.0&#8243; _module_preset=\u00bbdefault\u00bb global_colors_info=\u00bb{}\u00bb][et_pb_text admin_label=\u00bbvew video Text\u00bb _builder_version=\u00bb4.27.4&#8243; _module_preset=\u00bbdefault\u00bb header_2_font=\u00bb|||on|||||\u00bb header_2_text_align=\u00bbcenter\u00bb header_2_text_color=\u00bb#faf2ba\u00bb header_2_font_size=\u00bb36px\u00bb global_colors_info=\u00bb{}\u00bb]<\/p>\n<h2>Vea el v\u00eddeo de cada conferencia<\/h2>\n<p>[\/et_pb_text][et_pb_text admin_label=\u00bbmain title Text\u00bb _builder_version=\u00bb4.27.4&#8243; _module_preset=\u00bbdefault\u00bb header_font=\u00bbMontserrat|900|||||||\u00bb header_text_align=\u00bbcenter\u00bb header_text_color=\u00bb#000000&#8243; header_font_size=\u00bb56px\u00bb header_3_font=\u00bb|||on|||||\u00bb header_3_text_align=\u00bbcenter\u00bb header_3_font_size=\u00bb25px\u00bb header_4_text_align=\u00bbcenter\u00bb header_font_size_tablet=\u00bb56px\u00bb header_font_size_phone=\u00bb28px\u00bb header_font_size_last_edited=\u00bbon|phone\u00bb global_colors_info=\u00bb{}\u00bb]<\/p>\n<h4>DESERTWATCH PRESENTA<\/h4>\n<h1>EL JABLE<br \/>UN ECOSISTEMA (DES)CONOCIDO<\/h1>\n<p>[\/et_pb_text][et_pb_text disabled_on=\u00bbon|on|on\u00bb admin_label=\u00bbcharla block title\u00bb _builder_version=\u00bb4.27.4&#8243; _module_preset=\u00bbdefault\u00bb header_font=\u00bbMontserrat|900|||||||\u00bb header_text_align=\u00bbcenter\u00bb header_text_color=\u00bb#000000&#8243; header_font_size=\u00bb56px\u00bb header_3_font=\u00bb|||on|||||\u00bb header_3_text_align=\u00bbcenter\u00bb header_3_font_size=\u00bb25px\u00bb header_4_text_align=\u00bbcenter\u00bb header_font_size_tablet=\u00bb56px\u00bb header_font_size_phone=\u00bb28px\u00bb header_font_size_last_edited=\u00bbon|phone\u00bb disabled=\u00bbon\u00bb global_colors_info=\u00bb{}\u00bb]<\/p>\n<h3>Charlas: BLOQUE 1: El valor del suelo y la historia que guarda<\/h3>\n<p>[\/et_pb_text][\/et_pb_column][\/et_pb_row][et_pb_row column_structure=\u00bb1_2,1_2&#8243; admin_label=\u00bbblock 1 Row\u00bb _builder_version=\u00bb4.27.3&#8243; _module_preset=\u00bbdefault\u00bb custom_margin=\u00bb1px|auto||auto||\u00bb collapsed=\u00bbon\u00bb global_colors_info=\u00bb{}\u00bb][et_pb_column type=\u00bb1_2&#8243; _builder_version=\u00bb4.27.3&#8243; _module_preset=\u00bbdefault\u00bb global_colors_info=\u00bb{}\u00bb][et_pb_video src=\u00bbhttps:\/\/youtu.be\/QWnaRAkuQM4&#8243; image_src=\u00bbhttps:\/\/desertwatch.org\/wp-content\/uploads\/2024\/12\/sand-lines.jpg\u00bb _builder_version=\u00bb4.27.4&#8243; _module_preset=\u00bbdefault\u00bb global_colors_info=\u00bb{}\u00bb][\/et_pb_video][et_pb_text admin_label=\u00bbtitle of charla 1 Text\u00bb _builder_version=\u00bb4.27.3&#8243; text_font=\u00bb||||||||\u00bb text_text_color=\u00bb#000000&#8243; text_font_size=\u00bb17px\u00bb text_line_height=\u00bb1.2em\u00bb header_font=\u00bb|700||on|||||\u00bb header_2_font=\u00bb|700|||||||\u00bb header_2_font_size=\u00bb24px\u00bb header_3_font=\u00bb|600||on|||||\u00bb header_3_text_align=\u00bbleft\u00bb header_3_letter_spacing=\u00bb1px\u00bb header_5_font=\u00bbOswald|||on|||||\u00bb header_5_text_align=\u00bbleft\u00bb header_5_text_color=\u00bbrgba(0,0,0,0.4)\u00bb header_5_font_size=\u00bb20px\u00bb header_5_letter_spacing=\u00bb2px\u00bb max_width_tablet=\u00bb\u00bb max_width_phone=\u00bb\u00bb max_width_last_edited=\u00bbon|phone\u00bb module_alignment=\u00bbcenter\u00bb locked=\u00bboff\u00bb global_colors_info=\u00bb{}\u00bb]<\/p>\n<h2>Charla 19.09.24 <span style=\"color: #000000;\">a las 18:00h<\/span><\/h2>\n<h3>Jos\u00e9 Mangas Vi\u00f1uela<\/h3>\n<h4><em>Ge\u00f3logo<\/em><\/h4>\n<p>\u201cEl Jable: origen, valores y amenazas\u201d<\/p>\n<p>[\/et_pb_text][\/et_pb_column][et_pb_column type=\u00bb1_2&#8243; _builder_version=\u00bb4.27.3&#8243; _module_preset=\u00bbdefault\u00bb global_colors_info=\u00bb{}\u00bb][et_pb_video src=\u00bbhttps:\/\/youtu.be\/g0nVgne0oVw\u00bb image_src=\u00bbhttps:\/\/desertwatch.org\/wp-content\/uploads\/2016\/03\/caracoles-desert.jpg\u00bb _builder_version=\u00bb4.27.4&#8243; _module_preset=\u00bbdefault\u00bb global_colors_info=\u00bb{}\u00bb][\/et_pb_video][et_pb_text admin_label=\u00bbtitle of charla 2 Text\u00bb _builder_version=\u00bb4.27.0&#8243; text_font=\u00bb||||||||\u00bb text_text_color=\u00bb#000000&#8243; text_font_size=\u00bb17px\u00bb text_line_height=\u00bb1.2em\u00bb header_font=\u00bb|700||on|||||\u00bb header_2_font=\u00bb|700|||||||\u00bb header_2_font_size=\u00bb24px\u00bb header_3_font=\u00bb|600||on|||||\u00bb header_3_text_align=\u00bbleft\u00bb header_3_letter_spacing=\u00bb1px\u00bb header_5_font=\u00bbOswald|||on|||||\u00bb header_5_text_align=\u00bbleft\u00bb header_5_text_color=\u00bbrgba(0,0,0,0.4)\u00bb header_5_font_size=\u00bb20px\u00bb header_5_letter_spacing=\u00bb2px\u00bb max_width_tablet=\u00bb\u00bb max_width_phone=\u00bb\u00bb max_width_last_edited=\u00bbon|phone\u00bb module_alignment=\u00bbcenter\u00bb locked=\u00bboff\u00bb global_colors_info=\u00bb{}\u00bb]<\/p>\n<h2>Charla 19.09.24 <span style=\"color: #000000;\">a las 19:30h<\/span><\/h2>\n<h3>Antonio S\u00e1nchez Marco<\/h3>\n<h4><em>Paleont\u00f3logo especialista en aves<\/em><\/h4>\n<p>\u201cEl Jable, almac\u00e9n de informaci\u00f3n sobre la historia de la vida\u201d.<\/p>\n<p>[\/et_pb_text][\/et_pb_column][\/et_pb_row][et_pb_row column_structure=\u00bb1_3,1_3,1_3&#8243; disabled_on=\u00bboff|off|off\u00bb admin_label=\u00bbblock 1Row\u00bb _builder_version=\u00bb4.27.4&#8243; _module_preset=\u00bbdefault\u00bb background_enable_color=\u00bboff\u00bb use_background_color_gradient=\u00bbon\u00bb background_color_gradient_stops=\u00bbrgba(255,255,255,0) 0%|rgba(225,204,170,0.95) 100%\u00bb custom_margin=\u00bb1px|auto||auto|false|false\u00bb custom_padding=\u00bb|20px||20px|false|true\u00bb border_radii=\u00bbon|20px|20px|20px|20px\u00bb collapsed=\u00bbon\u00bb global_colors_info=\u00bb{}\u00bb][et_pb_column type=\u00bb1_3&#8243; _builder_version=\u00bb4.27.3&#8243; _module_preset=\u00bbdefault\u00bb global_colors_info=\u00bb{}\u00bb][et_pb_video src=\u00bbhttps:\/\/youtu.be\/pFTDi9zZ-XE\u00bb image_src=\u00bbhttps:\/\/desertwatch.org\/wp-content\/uploads\/2024\/12\/charla3-overlay.jpg\u00bb _builder_version=\u00bb4.27.4&#8243; _module_preset=\u00bbdefault\u00bb global_colors_info=\u00bb{}\u00bb][\/et_pb_video][et_pb_text admin_label=\u00bbtitle of charla 3 Text\u00bb _builder_version=\u00bb4.27.4&#8243; text_font=\u00bb||||||||\u00bb text_text_color=\u00bb#000000&#8243; text_font_size=\u00bb17px\u00bb text_line_height=\u00bb1.2em\u00bb header_font=\u00bb|700||on|||||\u00bb header_2_font=\u00bb|700|||||||\u00bb header_2_font_size=\u00bb24px\u00bb header_3_font=\u00bb|600||on|||||\u00bb header_3_text_align=\u00bbleft\u00bb header_3_letter_spacing=\u00bb1px\u00bb header_5_font=\u00bbOswald|||on|||||\u00bb header_5_text_align=\u00bbleft\u00bb header_5_text_color=\u00bbrgba(0,0,0,0.4)\u00bb header_5_font_size=\u00bb20px\u00bb header_5_letter_spacing=\u00bb2px\u00bb max_width_tablet=\u00bb\u00bb max_width_phone=\u00bb\u00bb max_width_last_edited=\u00bbon|phone\u00bb module_alignment=\u00bbcenter\u00bb custom_margin_tablet=\u00bb|70px||70px\u00bb custom_margin_phone=\u00bb|50px||50px\u00bb custom_margin_last_edited=\u00bboff|desktop\u00bb text_line_height_last_edited=\u00bboff|desktop\u00bb locked=\u00bboff\u00bb global_colors_info=\u00bb{}\u00bb]<\/p>\n<h2>Charla 20.09.24<\/h2>\n<h3>Hacomar Ruiz Gonz\u00e1lez<\/h3>\n<h4><em>Arque\u00f3logo<\/em><\/h4>\n<p>\u201cRecuperaci\u00f3n del patrimonio arqueol\u00f3gico y cultural de El Jable de Arriba: Fiquinineo \u2013 La Pe\u00f1a de las Cucharas\u201d<\/p>\n<p>[\/et_pb_text][\/et_pb_column][et_pb_column type=\u00bb1_3&#8243; _builder_version=\u00bb4.27.3&#8243; _module_preset=\u00bbdefault\u00bb global_colors_info=\u00bb{}\u00bb][et_pb_video src=\u00bbhttps:\/\/youtu.be\/jrXSxpx_Pps\u00bb image_src=\u00bbhttps:\/\/desertwatch.org\/wp-content\/uploads\/2020\/04\/plantando-para-hubaras9.jpg\u00bb _builder_version=\u00bb4.27.4&#8243; _module_preset=\u00bbdefault\u00bb global_colors_info=\u00bb{}\u00bb][\/et_pb_video][et_pb_text admin_label=\u00bbtitle of charla 4 Text\u00bb _builder_version=\u00bb4.27.4&#8243; text_font=\u00bb||||||||\u00bb text_text_color=\u00bb#000000&#8243; text_font_size=\u00bb17px\u00bb text_line_height=\u00bb1.2em\u00bb header_font=\u00bb|700||on|||||\u00bb header_2_font=\u00bb|700|||||||\u00bb header_2_font_size=\u00bb24px\u00bb header_3_font=\u00bb|600||on|||||\u00bb header_3_text_align=\u00bbleft\u00bb header_3_letter_spacing=\u00bb1px\u00bb header_5_font=\u00bbOswald|||on|||||\u00bb header_5_text_align=\u00bbleft\u00bb header_5_text_color=\u00bbrgba(0,0,0,0.4)\u00bb header_5_font_size=\u00bb20px\u00bb header_5_letter_spacing=\u00bb2px\u00bb max_width_tablet=\u00bb\u00bb max_width_phone=\u00bb\u00bb max_width_last_edited=\u00bbon|phone\u00bb module_alignment=\u00bbcenter\u00bb locked=\u00bboff\u00bb global_colors_info=\u00bb{}\u00bb]<\/p>\n<h2>Charla 20.09.24<\/h2>\n<h3>Jonathan Sicilia<\/h3>\n<h4><em>T\u00e9cnico Urbano<\/em><\/h4>\n<p>\u201cProtecci\u00f3n no implica conservaci\u00f3n. Cuando las declaraciones de espacios sin gestionar no cumplen con sus objetivos\u201d.<\/p>\n<p>[\/et_pb_text][\/et_pb_column][et_pb_column type=\u00bb1_3&#8243; _builder_version=\u00bb4.27.3&#8243; _module_preset=\u00bbdefault\u00bb global_colors_info=\u00bb{}\u00bb][et_pb_video src=\u00bbhttps:\/\/youtu.be\/3lS1OW2G490&#8243; image_src=\u00bbhttps:\/\/desertwatch.org\/wp-content\/uploads\/2024\/12\/mesa-redonda1-cover.jpg\u00bb _builder_version=\u00bb4.27.4&#8243; _module_preset=\u00bbdefault\u00bb global_colors_info=\u00bb{}\u00bb][\/et_pb_video][et_pb_text admin_label=\u00bbround table\u00bb _builder_version=\u00bb4.27.4&#8243; text_font=\u00bb||||||||\u00bb text_text_color=\u00bb#000000&#8243; text_font_size=\u00bb17px\u00bb text_line_height=\u00bb1.2em\u00bb header_font=\u00bb|700||on|||||\u00bb header_2_font=\u00bb|700|||||||\u00bb header_2_font_size=\u00bb24px\u00bb header_3_font=\u00bb|600||on|||||\u00bb header_3_text_align=\u00bbleft\u00bb header_3_letter_spacing=\u00bb1px\u00bb header_5_font=\u00bbOswald|||on|||||\u00bb header_5_text_align=\u00bbleft\u00bb header_5_text_color=\u00bbrgba(0,0,0,0.4)\u00bb header_5_font_size=\u00bb20px\u00bb header_5_letter_spacing=\u00bb2px\u00bb max_width_tablet=\u00bb\u00bb max_width_phone=\u00bb\u00bb max_width_last_edited=\u00bbon|phone\u00bb module_alignment=\u00bbcenter\u00bb locked=\u00bboff\u00bb global_colors_info=\u00bb{}\u00bb]<\/p>\n<h2>Mesa Redonda 20.09.24<\/h2>\n<h3>Jos\u00e9 Mangas Vi\u00f1uela y Pedro Agust\u00edn Padr\u00f3n<\/h3>\n<p>[\/et_pb_text][\/et_pb_column][\/et_pb_row][et_pb_row disabled_on=\u00bbon|on|on\u00bb admin_label=\u00bbBLOCK 2  Row\u00bb _builder_version=\u00bb4.27.4&#8243; _module_preset=\u00bbdefault\u00bb disabled=\u00bbon\u00bb global_colors_info=\u00bb{}\u00bb][et_pb_column type=\u00bb4_4&#8243; _builder_version=\u00bb4.27.0&#8243; _module_preset=\u00bbdefault\u00bb global_colors_info=\u00bb{}\u00bb][et_pb_text disabled_on=\u00bboff|off|off\u00bb admin_label=\u00bbcharla block title Text\u00bb _builder_version=\u00bb4.27.4&#8243; _module_preset=\u00bbdefault\u00bb header_font=\u00bbMontserrat|900|||||||\u00bb header_text_align=\u00bbcenter\u00bb header_text_color=\u00bb#000000&#8243; header_font_size=\u00bb56px\u00bb header_3_font=\u00bb|||on|||||\u00bb header_3_text_align=\u00bbcenter\u00bb header_3_font_size=\u00bb25px\u00bb header_4_text_align=\u00bbcenter\u00bb header_font_size_tablet=\u00bb56px\u00bb header_font_size_phone=\u00bb28px\u00bb header_font_size_last_edited=\u00bbon|phone\u00bb global_colors_info=\u00bb{}\u00bb]<\/p>\n<h3>Charlas: BLOQUE 2: EL HABITAT Y SUS MORADORES<\/h3>\n<p>[\/et_pb_text][\/et_pb_column][\/et_pb_row][et_pb_row column_structure=\u00bb1_2,1_2&#8243; disabled_on=\u00bboff|off|off\u00bb admin_label=\u00bbblock 2 Row\u00bb _builder_version=\u00bb4.27.4&#8243; _module_preset=\u00bbdefault\u00bb background_enable_color=\u00bboff\u00bb use_background_color_gradient=\u00bbon\u00bb background_color_gradient_stops=\u00bbrgba(255,255,255,0) 0%|#e1ccaa 100%\u00bb custom_margin=\u00bb1px|auto||auto|false|false\u00bb custom_padding=\u00bb|20px||20px|false|true\u00bb border_radii=\u00bbon|20px|20px|20px|20px\u00bb global_colors_info=\u00bb{}\u00bb][et_pb_column type=\u00bb1_2&#8243; _builder_version=\u00bb4.27.3&#8243; _module_preset=\u00bbdefault\u00bb global_colors_info=\u00bb{}\u00bb][et_pb_video src=\u00bbhttps:\/\/youtu.be\/rNkxJBmjCZU\u00bb image_src=\u00bbhttps:\/\/desertwatch.org\/wp-content\/uploads\/2024\/12\/charla5-cover.jpg\u00bb _builder_version=\u00bb4.27.4&#8243; _module_preset=\u00bbdefault\u00bb global_colors_info=\u00bb{}\u00bb][\/et_pb_video][et_pb_text admin_label=\u00bbtitle of charla 5 Text\u00bb _builder_version=\u00bb4.27.4&#8243; text_font=\u00bb||||||||\u00bb text_text_color=\u00bb#000000&#8243; text_font_size=\u00bb17px\u00bb text_line_height=\u00bb1.2em\u00bb header_font=\u00bb|700||on|||||\u00bb header_2_font=\u00bb|700|||||||\u00bb header_2_font_size=\u00bb24px\u00bb header_3_font=\u00bb|600||on|||||\u00bb header_3_text_align=\u00bbleft\u00bb header_3_letter_spacing=\u00bb1px\u00bb header_5_font=\u00bbOswald|||on|||||\u00bb header_5_text_align=\u00bbleft\u00bb header_5_text_color=\u00bbrgba(0,0,0,0.4)\u00bb header_5_font_size=\u00bb20px\u00bb header_5_letter_spacing=\u00bb2px\u00bb max_width_tablet=\u00bb\u00bb max_width_phone=\u00bb\u00bb max_width_last_edited=\u00bbon|phone\u00bb module_alignment=\u00bbcenter\u00bb custom_margin_tablet=\u00bb|70px||70px\u00bb custom_margin_phone=\u00bb|50px||50px\u00bb custom_margin_last_edited=\u00bboff|desktop\u00bb text_line_height_last_edited=\u00bboff|desktop\u00bb locked=\u00bboff\u00bb global_colors_info=\u00bb{}\u00bb]<\/p>\n<h2>Charla 14.11.24<\/h2>\n<h3>Jaime gil<\/h3>\n<h4><em>Etnobot\u00e1nico<\/em><\/h4>\n<p>\u201cLa biodiversidad invisible: semillas e insectos\u201d[\/et_pb_text][\/et_pb_column][et_pb_column type=\u00bb1_2&#8243; _builder_version=\u00bb4.27.3&#8243; _module_preset=\u00bbdefault\u00bb global_colors_info=\u00bb{}\u00bb][et_pb_video src=\u00bbhttps:\/\/youtu.be\/WmIwLcwj4Ho\u00bb image_src=\u00bbhttps:\/\/desertwatch.org\/wp-content\/uploads\/2024\/12\/charla6-cover.jpg\u00bb _builder_version=\u00bb4.27.4&#8243; _module_preset=\u00bbdefault\u00bb global_colors_info=\u00bb{}\u00bb][\/et_pb_video][et_pb_text admin_label=\u00bbtitle of charla 6 Text\u00bb _builder_version=\u00bb4.27.4&#8243; text_font=\u00bb||||||||\u00bb text_text_color=\u00bb#000000&#8243; text_font_size=\u00bb17px\u00bb text_line_height=\u00bb1.2em\u00bb header_font=\u00bb|700||on|||||\u00bb header_2_font=\u00bb|700|||||||\u00bb header_2_font_size=\u00bb24px\u00bb header_3_font=\u00bb|600||on|||||\u00bb header_3_text_align=\u00bbleft\u00bb header_3_letter_spacing=\u00bb1px\u00bb header_5_font=\u00bbOswald|||on|||||\u00bb header_5_text_align=\u00bbleft\u00bb header_5_text_color=\u00bbrgba(0,0,0,0.4)\u00bb header_5_font_size=\u00bb20px\u00bb header_5_letter_spacing=\u00bb2px\u00bb max_width_tablet=\u00bb\u00bb max_width_phone=\u00bb\u00bb max_width_last_edited=\u00bbon|phone\u00bb module_alignment=\u00bbcenter\u00bb locked=\u00bboff\u00bb global_colors_info=\u00bb{}\u00bb]<\/p>\n<h2>Charla 14.11.24<\/h2>\n<h3>Ra\u00fal Orihuela Rivero<\/h3>\n<h4><em>Isopod\u00f3logo IPNA-CSIC<\/em><\/h4>\n<p>\u201cCrust\u00e1ceos en un mar de arena: Los is\u00f3podos de El Jable\u201d.<\/p>\n<p>[\/et_pb_text][\/et_pb_column][\/et_pb_row][et_pb_row column_structure=\u00bb1_3,1_3,1_3&#8243; disabled_on=\u00bboff|off|off\u00bb _builder_version=\u00bb4.27.4&#8243; _module_preset=\u00bbdefault\u00bb background_enable_color=\u00bboff\u00bb use_background_color_gradient=\u00bbon\u00bb background_color_gradient_stops=\u00bbrgba(255,255,255,0) 0%|#e1ccaa 100%\u00bb custom_margin=\u00bb1px|auto||auto|false|false\u00bb custom_padding=\u00bb|20px||20px|false|true\u00bb border_radii=\u00bbon|20px|20px|20px|20px\u00bb global_colors_info=\u00bb{}\u00bb][et_pb_column type=\u00bb1_3&#8243; _builder_version=\u00bb4.27.3&#8243; _module_preset=\u00bbdefault\u00bb global_colors_info=\u00bb{}\u00bb][et_pb_video src=\u00bbhttps:\/\/youtu.be\/y-bsOVTNH0E\u00bb image_src=\u00bbhttps:\/\/desertwatch.org\/wp-content\/uploads\/2024\/12\/charla7-cover.jpg\u00bb _builder_version=\u00bb4.27.4&#8243; _module_preset=\u00bbdefault\u00bb global_colors_info=\u00bb{}\u00bb][\/et_pb_video][et_pb_text admin_label=\u00bbtitle of charla 7 Text\u00bb _builder_version=\u00bb4.27.4&#8243; text_font=\u00bb||||||||\u00bb text_text_color=\u00bb#000000&#8243; text_font_size=\u00bb17px\u00bb text_line_height=\u00bb1.2em\u00bb header_font=\u00bb|700||on|||||\u00bb header_2_font=\u00bb|700|||||||\u00bb header_2_font_size=\u00bb24px\u00bb header_3_font=\u00bb|600||on|||||\u00bb header_3_text_align=\u00bbleft\u00bb header_3_letter_spacing=\u00bb1px\u00bb header_5_font=\u00bbOswald|||on|||||\u00bb header_5_text_align=\u00bbleft\u00bb header_5_text_color=\u00bbrgba(0,0,0,0.4)\u00bb header_5_font_size=\u00bb20px\u00bb header_5_letter_spacing=\u00bb2px\u00bb max_width_tablet=\u00bb\u00bb max_width_phone=\u00bb\u00bb max_width_last_edited=\u00bbon|phone\u00bb module_alignment=\u00bbcenter\u00bb custom_margin_tablet=\u00bb|70px||70px\u00bb custom_margin_phone=\u00bb|50px||50px\u00bb custom_margin_last_edited=\u00bboff|desktop\u00bb text_line_height_last_edited=\u00bboff|desktop\u00bb locked=\u00bboff\u00bb global_colors_info=\u00bb{}\u00bb]<\/p>\n<h2>Charla 15.11.24<\/h2>\n<h3>Marta Pe\u00f1a y Pedro Agust\u00edn Padr\u00f3n<\/h3>\n<h4><em>Ingeniera agr\u00edcola y Edaf\u00f3logo<\/em><\/h4>\n<p>\u201cEl Jable: en los m\u00e1rgenes de la agricultura\u201d[\/et_pb_text][\/et_pb_column][et_pb_column type=\u00bb1_3&#8243; _builder_version=\u00bb4.27.3&#8243; _module_preset=\u00bbdefault\u00bb global_colors_info=\u00bb{}\u00bb][et_pb_video src=\u00bbhttps:\/\/youtu.be\/9xiEUmy_ISI\u00bb image_src=\u00bbhttps:\/\/desertwatch.org\/wp-content\/uploads\/2024\/12\/charla8-cover.jpg\u00bb _builder_version=\u00bb4.27.4&#8243; _module_preset=\u00bbdefault\u00bb global_colors_info=\u00bb{}\u00bb][\/et_pb_video][et_pb_text admin_label=\u00bbtitle of charla 8 Text\u00bb _builder_version=\u00bb4.27.4&#8243; text_font=\u00bb||||||||\u00bb text_text_color=\u00bb#000000&#8243; text_font_size=\u00bb17px\u00bb text_line_height=\u00bb1.2em\u00bb header_font=\u00bb|700||on|||||\u00bb header_2_font=\u00bb|700|||||||\u00bb header_2_font_size=\u00bb24px\u00bb header_3_font=\u00bb|600||on|||||\u00bb header_3_text_align=\u00bbleft\u00bb header_3_letter_spacing=\u00bb1px\u00bb header_5_font=\u00bbOswald|||on|||||\u00bb header_5_text_align=\u00bbleft\u00bb header_5_text_color=\u00bbrgba(0,0,0,0.4)\u00bb header_5_font_size=\u00bb20px\u00bb header_5_letter_spacing=\u00bb2px\u00bb max_width_tablet=\u00bb\u00bb max_width_phone=\u00bb\u00bb max_width_last_edited=\u00bbon|phone\u00bb module_alignment=\u00bbcenter\u00bb locked=\u00bboff\u00bb global_colors_info=\u00bb{}\u00bb]<\/p>\n<h2>Charla 15.11.24<\/h2>\n<h3>Aurora Torres<\/h3>\n<h4><em>Investigadora en ecolog\u00eda<br \/>\ny ciencias de la sostenibilidad<\/em><\/h4>\n<p>\u201cLa arena, el ingrediente secreto del Antropoceno\u201d.<\/p>\n<p>[\/et_pb_text][\/et_pb_column][et_pb_column type=\u00bb1_3&#8243; _builder_version=\u00bb4.27.3&#8243; _module_preset=\u00bbdefault\u00bb global_colors_info=\u00bb{}\u00bb][et_pb_video src=\u00bbhttps:\/\/youtu.be\/2uFAL5b-HPA\u00bb image_src=\u00bbhttps:\/\/desertwatch.org\/wp-content\/uploads\/2024\/12\/mesa-redonda2-cover.jpg\u00bb _builder_version=\u00bb4.27.4&#8243; _module_preset=\u00bbdefault\u00bb global_colors_info=\u00bb{}\u00bb][\/et_pb_video][et_pb_text admin_label=\u00bbround table\u00bb _builder_version=\u00bb4.27.4&#8243; text_font=\u00bb||||||||\u00bb text_text_color=\u00bb#000000&#8243; text_font_size=\u00bb17px\u00bb text_line_height=\u00bb1.2em\u00bb header_font=\u00bb|700||on|||||\u00bb header_2_font=\u00bb|700|||||||\u00bb header_2_font_size=\u00bb24px\u00bb header_3_font=\u00bb|600||on|||||\u00bb header_3_text_align=\u00bbleft\u00bb header_3_letter_spacing=\u00bb1px\u00bb header_5_font=\u00bbOswald|||on|||||\u00bb header_5_text_align=\u00bbleft\u00bb header_5_text_color=\u00bbrgba(0,0,0,0.4)\u00bb header_5_font_size=\u00bb20px\u00bb header_5_letter_spacing=\u00bb2px\u00bb max_width_tablet=\u00bb\u00bb max_width_phone=\u00bb\u00bb max_width_last_edited=\u00bbon|phone\u00bb module_alignment=\u00bbcenter\u00bb locked=\u00bboff\u00bb global_colors_info=\u00bb{}\u00bb]<\/p>\n<h2>Mesa Redonda 15.11.24<\/h2>\n<p>[\/et_pb_text][\/et_pb_column][\/et_pb_row][et_pb_row column_structure=\u00bb1_2,1_2&#8243; disabled_on=\u00bboff|off|off\u00bb _builder_version=\u00bb4.27.4&#8243; _module_preset=\u00bbdefault\u00bb background_enable_color=\u00bboff\u00bb use_background_color_gradient=\u00bbon\u00bb background_color_gradient_stops=\u00bbrgba(255,255,255,0) 0%|#e1ccaa 100%\u00bb custom_margin=\u00bb1px|auto||auto|false|false\u00bb custom_padding=\u00bb|20px||20px|false|true\u00bb border_radii=\u00bbon|20px|20px|20px|20px\u00bb global_colors_info=\u00bb{}\u00bb][et_pb_column type=\u00bb1_2&#8243; _builder_version=\u00bb4.27.3&#8243; _module_preset=\u00bbdefault\u00bb global_colors_info=\u00bb{}\u00bb][et_pb_video src=\u00bbhttps:\/\/youtu.be\/L942Z2Vp07g?cc_load_policy=1&#8243; image_src=\u00bbhttps:\/\/desertwatch.org\/wp-content\/uploads\/2025\/04\/nigel-collar-charla-thumb.jpg\u00bb _builder_version=\u00bb4.27.4&#8243; _module_preset=\u00bbdefault\u00bb global_colors_info=\u00bb{}\u00bb][\/et_pb_video][et_pb_text admin_label=\u00bbtitle of charla 9 Text\u00bb _builder_version=\u00bb4.27.4&#8243; text_font=\u00bb||||||||\u00bb text_text_color=\u00bb#000000&#8243; text_font_size=\u00bb17px\u00bb text_line_height=\u00bb1.2em\u00bb header_font=\u00bb|700||on|||||\u00bb header_2_font=\u00bb|700|||||||\u00bb header_2_font_size=\u00bb24px\u00bb header_3_font=\u00bb|600||on|||||\u00bb header_3_text_align=\u00bbleft\u00bb header_3_letter_spacing=\u00bb1px\u00bb header_5_font=\u00bbOswald|||on|||||\u00bb header_5_text_align=\u00bbleft\u00bb header_5_text_color=\u00bbrgba(0,0,0,0.4)\u00bb header_5_font_size=\u00bb20px\u00bb header_5_letter_spacing=\u00bb2px\u00bb max_width_tablet=\u00bb\u00bb max_width_phone=\u00bb\u00bb max_width_last_edited=\u00bbon|phone\u00bb module_alignment=\u00bbcenter\u00bb custom_margin_tablet=\u00bb|70px||70px\u00bb custom_margin_phone=\u00bb|50px||50px\u00bb custom_margin_last_edited=\u00bboff|desktop\u00bb text_line_height_last_edited=\u00bboff|desktop\u00bb locked=\u00bboff\u00bb global_colors_info=\u00bb{}\u00bb]<\/p>\n<h2>Charla 28.02.25<\/h2>\n<h3>Nigel Collar<\/h3>\n<h4><em>Co-l\u00edder del Grupo Especialista de Avutardas de la UICN<\/em><\/h4>\n<p>\u201cLa importancia global de El Jable para la conservaci\u00f3n de la avutarda hubara\u201d[\/et_pb_text][\/et_pb_column][et_pb_column type=\u00bb1_2&#8243; _builder_version=\u00bb4.27.3&#8243; _module_preset=\u00bbdefault\u00bb global_colors_info=\u00bb{}\u00bb][\/et_pb_column][\/et_pb_row][et_pb_row _builder_version=\u00bb4.27.0&#8243; _module_preset=\u00bbdefault\u00bb global_colors_info=\u00bb{}\u00bb][et_pb_column type=\u00bb4_4&#8243; _builder_version=\u00bb4.27.0&#8243; _module_preset=\u00bbdefault\u00bb global_colors_info=\u00bb{}\u00bb][et_pb_text admin_label=\u00bbmore info text\u00bb _builder_version=\u00bb4.27.0&#8243; text_font=\u00bb||||||||\u00bb text_text_color=\u00bb#000000&#8243; text_font_size=\u00bb17px\u00bb text_line_height=\u00bb1.8em\u00bb header_font=\u00bb|700||on|||||\u00bb header_text_align=\u00bbcenter\u00bb header_text_color=\u00bb#FFF5E7&#8243; header_2_font=\u00bb|700|||||||\u00bb header_2_font_size=\u00bb30px\u00bb header_3_font=\u00bb|600||on|||||\u00bb header_3_text_align=\u00bbleft\u00bb header_3_letter_spacing=\u00bb1px\u00bb header_5_font=\u00bbOswald|||on|||||\u00bb header_5_text_align=\u00bbleft\u00bb header_5_text_color=\u00bbrgba(0,0,0,0.4)\u00bb header_5_font_size=\u00bb20px\u00bb header_5_letter_spacing=\u00bb2px\u00bb max_width_tablet=\u00bb\u00bb max_width_phone=\u00bb\u00bb max_width_last_edited=\u00bbon|phone\u00bb module_alignment=\u00bbcenter\u00bb custom_margin_tablet=\u00bb|70px||70px\u00bb custom_margin_phone=\u00bb|50px||50px\u00bb custom_margin_last_edited=\u00bboff|desktop\u00bb text_line_height_last_edited=\u00bboff|desktop\u00bb header_text_shadow_style=\u00bbpreset1&#8243; global_colors_info=\u00bb{}\u00bb]<\/p>\n<h1>Para m\u00e1s informaci\u00f3n cont\u00e1ctenos en <a href=\"mailto:info@desertwatch.org\">info@desertwatch.org<\/a><\/h1>\n<p>[\/et_pb_text][\/et_pb_column][\/et_pb_row][\/et_pb_section]<\/p>\n","protected":false},"excerpt":{"rendered":"<p>A series of lectures that explore and discuss the &#8216;El Jable&#8217; An (un)known ecosystem. A conservation area in Lanzarote.<\/p>\n","protected":false},"author":1,"featured_media":3757,"comment_status":"closed","ping_status":"closed","sticky":false,"template":"","format":"standard","meta":{"give_campaign_id":0,"_et_pb_use_builder":"on","_et_pb_old_content":"","_et_gb_content_width":"","footnotes":""},"categories":[11],"tags":[],"class_list":["post-3788","post","type-post","status-publish","format-standard","has-post-thumbnail","hentry","category-charlas"],"_links":{"self":[{"href":"https:\/\/desertwatch.org\/es\/wp-json\/wp\/v2\/posts\/3788","targetHints":{"allow":["GET"]}}],"collection":[{"href":"https:\/\/desertwatch.org\/es\/wp-json\/wp\/v2\/posts"}],"about":[{"href":"https:\/\/desertwatch.org\/es\/wp-json\/wp\/v2\/types\/post"}],"author":[{"embeddable":true,"href":"https:\/\/desertwatch.org\/es\/wp-json\/wp\/v2\/users\/1"}],"replies":[{"embeddable":true,"href":"https:\/\/desertwatch.org\/es\/wp-json\/wp\/v2\/comments?post=3788"}],"version-history":[{"count":9,"href":"https:\/\/desertwatch.org\/es\/wp-json\/wp\/v2\/posts\/3788\/revisions"}],"predecessor-version":[{"id":3888,"href":"https:\/\/desertwatch.org\/es\/wp-json\/wp\/v2\/posts\/3788\/revisions\/3888"}],"wp:featuredmedia":[{"embeddable":true,"href":"https:\/\/desertwatch.org\/es\/wp-json\/wp\/v2\/media\/3757"}],"wp:attachment":[{"href":"https:\/\/desertwatch.org\/es\/wp-json\/wp\/v2\/media?parent=3788"}],"wp:term":[{"taxonomy":"category","embeddable":true,"href":"https:\/\/desertwatch.org\/es\/wp-json\/wp\/v2\/categories?post=3788"},{"taxonomy":"post_tag","embeddable":true,"href":"https:\/\/desertwatch.org\/es\/wp-json\/wp\/v2\/tags?post=3788"}],"curies":[{"name":"wp","href":"https:\/\/api.w.org\/{rel}","templated":true}]}}